{"id":1758,"date":"2022-05-16T13:31:44","date_gmt":"2022-05-16T12:31:44","guid":{"rendered":"https:\/\/maresmecontinuum.cat\/?p=1758"},"modified":"2022-05-16T13:42:02","modified_gmt":"2022-05-16T12:42:02","slug":"els-jocs-florals-del-cfp-compten-amb-la-participacio-de-persones-del-moli-den-puigvert-i-de-lentitat-promotora-del-concurs","status":"publish","type":"post","link":"https:\/\/maresmecontinuum.cat\/es\/els-jocs-florals-del-cfp-compten-amb-la-participacio-de-persones-del-moli-den-puigvert-i-de-lentitat-promotora-del-concurs\/","title":{"rendered":"Los Jocs Florals CFP cuentan con la participaci\u00f3n de personas atendidas desde el Mol\u00ed d&#8217;en Puigvert y desde la entidad promotora"},"content":{"rendered":"<p>Recientemente se han hecho p\u00fablicas las <a href=\"https:\/\/www.cfpmaresme.org\/obres-guanyadores-dels-jocs-florals-cfp\/\" target=\"_blank\" rel=\"noopener\">obras ganadoras <\/a>de los Jocs Florals CFP. Un certamen de narrativa breve y poes\u00eda, enmarcado en la Diada de Sant Jordi, destinado a personas atendidas desde la red p\u00fablica de salud mental del Maresme. Hemos participado al concurso desde dos de las cuatro entidades de Maresme Continuum: el Mol\u00ed d&#8217;en Puigvert y el CFP.<\/p>\n<p>&nbsp;<\/p>\n<h3>PARTICIPACI\u00d3N DE PERSONAS DE M\u00c1S RECURSOS QUE NUNCA<\/h3>\n<p>A parte de personas de las entidades de Maresme Continuum se han unido a la iniciativa usuarios\/as del Hospital de D\u00eda de Matar\u00f3, del Programa de Atenci\u00f3n Espec\u00edfica a Trastornos Psic\u00f3ticos Incipientes y del CEO de Fundaci\u00f3 el Maresme. As\u00ed pues, esta tercera edici\u00f3n ha contado con la participaci\u00f3n de m\u00e1s entidades que nunca.<\/p>\n<p>Estamos muy agradecidos con las personas que se han querido unir a los Jocs Florals del CFP y, tambi\u00e9n, con los profesionales que lo han hecho posible, difundiendo la iniciativa y acompa\u00f1\u00e1ndolos, cuando ha sido necesario, en el proceso.<\/p>\n<p>&nbsp;<\/p>\n<h3>UN CONCURSO QUE CRECE A\u00d1O A A\u00d1O<\/h3>\n<p>Los Jocs Florals del CFP fueron una iniciativa surgida durante el confinamiento, ahora hace dos a\u00f1os, con la voluntad de compartir el Sant Jordi con las personas que atendemos. Quiz\u00e1s por las limitaciones de cuando todo empez\u00f3 y, a la vez, por estar enmarcado en la diada de Sant Jordi, jornada muy significativa en el territorio, uno de los objetivos m\u00e1s relevantes es que el concurso vaya creciendo a\u00f1o a a\u00f1o y, hasta esta tercera edici\u00f3n, as\u00ed ha sido. Cada a\u00f1o m\u00e1s <strong>comunitario<\/strong>, m\u00e1s <strong>participativo<\/strong> y m\u00e1s<strong> inclusivo.<\/strong><\/p>\n<p>&nbsp;<\/p>\n<p>Deseamos reencontrarnos el 2023. Gracias a todos por hacerlo posible.<\/p>","protected":false},"excerpt":{"rendered":"<p>Recientemente se han hecho p\u00fablicas las obras ganadoras de los Jocs Florals CFP. Un certamen de narrativa breve y poes\u00eda, enmarcado en la Diada de Sant Jordi, destinado a personas atendidas desde la red p\u00fablica de salud mental del Maresme. Hemos participado al concurso desde dos de las cuatro entidades de Maresme Continuum: el Mol\u00ed<\/p>","protected":false},"author":4,"featured_media":1759,"comment_status":"open","ping_status":"closed","sticky":false,"template":"","format":"standard","meta":{"footnotes":""},"categories":[1],"tags":[],"class_list":["post-1758","post","type-post","status-publish","format-standard","has-post-thumbnail","hentry","category-sin-categoria"],"_links":{"self":[{"href":"https:\/\/maresmecontinuum.cat\/es\/wp-json\/wp\/v2\/posts\/1758","targetHints":{"allow":["GET"]}}],"collection":[{"href":"https:\/\/maresmecontinuum.cat\/es\/wp-json\/wp\/v2\/posts"}],"about":[{"href":"https:\/\/maresmecontinuum.cat\/es\/wp-json\/wp\/v2\/types\/post"}],"author":[{"embeddable":true,"href":"https:\/\/maresmecontinuum.cat\/es\/wp-json\/wp\/v2\/users\/4"}],"replies":[{"embeddable":true,"href":"https:\/\/maresmecontinuum.cat\/es\/wp-json\/wp\/v2\/comments?post=1758"}],"version-history":[{"count":3,"href":"https:\/\/maresmecontinuum.cat\/es\/wp-json\/wp\/v2\/posts\/1758\/revisions"}],"predecessor-version":[{"id":1762,"href":"https:\/\/maresmecontinuum.cat\/es\/wp-json\/wp\/v2\/posts\/1758\/revisions\/1762"}],"wp:featuredmedia":[{"embeddable":true,"href":"https:\/\/maresmecontinuum.cat\/es\/wp-json\/wp\/v2\/media\/1759"}],"wp:attachment":[{"href":"https:\/\/maresmecontinuum.cat\/es\/wp-json\/wp\/v2\/media?parent=1758"}],"wp:term":[{"taxonomy":"category","embeddable":true,"href":"https:\/\/maresmecontinuum.cat\/es\/wp-json\/wp\/v2\/categories?post=1758"},{"taxonomy":"post_tag","embeddable":true,"href":"https:\/\/maresmecontinuum.cat\/es\/wp-json\/wp\/v2\/tags?post=1758"}],"curies":[{"name":"wp","href":"https:\/\/api.w.org\/{rel}","templated":true}]}}