{"id":1737,"date":"2021-12-15T13:01:40","date_gmt":"2021-12-15T12:01:40","guid":{"rendered":"https:\/\/maresmecontinuum.cat\/?p=1737"},"modified":"2021-12-15T14:17:48","modified_gmt":"2021-12-15T13:17:48","slug":"estudiants-del-programa-arrelem-realitzen-practiques-a-la-klosca","status":"publish","type":"post","link":"https:\/\/maresmecontinuum.cat\/es\/estudiants-del-programa-arrelem-realitzen-practiques-a-la-klosca\/","title":{"rendered":"Estudiantes del programa Arrelem realizan pr\u00e1cticas en La Klosca"},"content":{"rendered":"<p>Lamine e Issa han cursado la formaci\u00f3n profesionalizadora en el sector agroecol\u00f3gico del<a href=\"https:\/\/www.mataro.cat\/sites\/socialneet\/contenidor-de-formacions\/programa-arrelem\">\u00a0programa Arrelem<\/a>. Forma parte del<a href=\"https:\/\/www.mataro.cat\/sites\/socialneet\">\u00a0SocialNeet<\/a>, el proyecto europeo que impulsa la Econom\u00eda Social y Solidaria (ESS) dirigido a j\u00f3venes en situaci\u00f3n de paro y a entidades. La idea es que el alumnado reciba formaci\u00f3n y acompa\u00f1amiento para conocer las oportunidades de emprender proyectos empresariales con impacto social y, las entidades, los ayuden a hacerlo realidad. Concretamente, Arrelem, est\u00e1 dirigido a j\u00f3venes mataronines de 18 a 29 a\u00f1os.<\/p>\n<p><strong>La emprendedur\u00eda como salida al paro juvenil<\/strong><\/p>\n<p>Emprender como respuesta a la falta de trabajo es una tendencia que se ha establecido mucho durante los \u00faltimos a\u00f1os. Este proyecto pretende fomentar que la juventud en situaci\u00f3n de paro tenga iniciativa para auto ocuparse en proyectos sociales. Para poderlo hacer, requieren de formaci\u00f3n y experiencia y Arrelem busca darles conocimientos, habilidades y pr\u00e1cticas a empresas.<\/p>\n<p><strong>Una semana colaborando con La Klosca<\/strong><\/p>\n<p>Lamine e Issa ponen en pr\u00e1ctica los conocimientos adquiridos en La Klosca. Cada uno est\u00e1 una semana. El primero termin\u00f3 su estancia el lunes y, ahora mismo, Issa est\u00e1 haciendo las pr\u00e1cticas.<\/p>\n<p>Las tareas que han realizado son de mantenimiento y en el obrador. Concretamente, limpieza y mantenimiento de los bebederos y los comederos, recogida de huevos y de pienso, rellenar los comederos, clasificar huevos por medida y en limpios y sucios y envasarlos, controlar los lotes y las fechas de caducidad y preparar pedidos a clientes. As\u00ed pues, a trav\u00e9s de todos estos trabajos se han podido hacer una idea de c\u00f3mo es el d\u00eda a d\u00eda en la granja y el proceso que seguimos hasta enviar los pedidos a los clientes.<\/p>\n<p><strong>Potenciar la inserci\u00f3n laboral de colectivos vulnerables, una de las m\u00e1ximas de La Klosca<\/strong><\/p>\n<p>El CET de producci\u00f3n de huevos ecol\u00f3gicos tiene, como una de sus misiones principales, colaborar en la inserci\u00f3n laboral de personas en situaci\u00f3n de vulnerabilidad. Es por esto que, siempre que es posible, ofrece estancias a estudiantes. De hecho, a mediados de a\u00f1o ya<a href=\"https:\/\/laklosca.cat\/la-klosca-acull-a-dos-joves-en-practiques-del-programa-arrelem\/\">\u00a0hicieron pr\u00e1cticas dos alumnos de Arrelem<\/a>.<\/p>\n<p>Deseamos que esta primera experiencia ayude a Lamine y a Issa a emprender con m\u00e1s conocimientos y habilidades o bien a iniciar su recorrido laboral.<\/p>","protected":false},"excerpt":{"rendered":"<p>Lamine e Issa han cursado la formaci\u00f3n profesionalizadora en el sector agroecol\u00f3gico del\u00a0programa Arrelem. Forma parte del\u00a0SocialNeet, el proyecto europeo que impulsa la Econom\u00eda Social y Solidaria (ESS) dirigido a j\u00f3venes en situaci\u00f3n de paro y a entidades. La idea es que el alumnado reciba formaci\u00f3n y acompa\u00f1amiento para conocer las oportunidades de emprender proyectos<\/p>","protected":false},"author":4,"featured_media":1738,"comment_status":"open","ping_status":"closed","sticky":false,"template":"","format":"standard","meta":{"footnotes":""},"categories":[1],"tags":[],"class_list":["post-1737","post","type-post","status-publish","format-standard","has-post-thumbnail","hentry","category-sin-categoria"],"_links":{"self":[{"href":"https:\/\/maresmecontinuum.cat\/es\/wp-json\/wp\/v2\/posts\/1737","targetHints":{"allow":["GET"]}}],"collection":[{"href":"https:\/\/maresmecontinuum.cat\/es\/wp-json\/wp\/v2\/posts"}],"about":[{"href":"https:\/\/maresmecontinuum.cat\/es\/wp-json\/wp\/v2\/types\/post"}],"author":[{"embeddable":true,"href":"https:\/\/maresmecontinuum.cat\/es\/wp-json\/wp\/v2\/users\/4"}],"replies":[{"embeddable":true,"href":"https:\/\/maresmecontinuum.cat\/es\/wp-json\/wp\/v2\/comments?post=1737"}],"version-history":[{"count":2,"href":"https:\/\/maresmecontinuum.cat\/es\/wp-json\/wp\/v2\/posts\/1737\/revisions"}],"predecessor-version":[{"id":1740,"href":"https:\/\/maresmecontinuum.cat\/es\/wp-json\/wp\/v2\/posts\/1737\/revisions\/1740"}],"wp:featuredmedia":[{"embeddable":true,"href":"https:\/\/maresmecontinuum.cat\/es\/wp-json\/wp\/v2\/media\/1738"}],"wp:attachment":[{"href":"https:\/\/maresmecontinuum.cat\/es\/wp-json\/wp\/v2\/media?parent=1737"}],"wp:term":[{"taxonomy":"category","embeddable":true,"href":"https:\/\/maresmecontinuum.cat\/es\/wp-json\/wp\/v2\/categories?post=1737"},{"taxonomy":"post_tag","embeddable":true,"href":"https:\/\/maresmecontinuum.cat\/es\/wp-json\/wp\/v2\/tags?post=1737"}],"curies":[{"name":"wp","href":"https:\/\/api.w.org\/{rel}","templated":true}]}}