{"id":1731,"date":"2021-11-15T10:27:49","date_gmt":"2021-11-15T09:27:49","guid":{"rendered":"https:\/\/maresmecontinuum.cat\/?p=1731"},"modified":"2021-11-15T10:29:12","modified_gmt":"2021-11-15T09:29:12","slug":"joves-de-diversos-serveis-del-cfp-participen-a-lactivitat-de-terapia-equina","status":"publish","type":"post","link":"https:\/\/maresmecontinuum.cat\/es\/joves-de-diversos-serveis-del-cfp-participen-a-lactivitat-de-terapia-equina\/","title":{"rendered":"J\u00f3venes de distintos servicios del CFP y de la UPE participan a la actividad de terapia equina"},"content":{"rendered":"<p><\/p>\n<div class=\"blog_single blog_holder\">\n<article id=\"post-26885\" class=\"post-26885 post type-post status-publish format-standard has-post-thumbnail hentry category-cfp-maresme-es\">\n<div class=\"post_content_holder\">\n<div class=\"post_text\">\n<div class=\"post_text_inner\">\n<p>J\u00f3venes atendidos desde recursos transversales del CFP se desplazan, dos viernes al mes, a la H\u00edpica Cal Senyor de Vilassar de Dalt a hacer la actividad de Equinoterapia. Guiados por la persona que dinamiza las sesiones, realizan distintos ejercicios que sirven de pretexto para trabajar elementos para mejorar su calidad de vida y estado psicol\u00f3gico.<\/p>\n<p>El contacto y el trato con el caballo, en un entorno al aire libre, suponen un tratamiento terap\u00e9utico que contribuye a mejorar las condiciones de desarrollo psico-f\u00edsico y social de las personas. De hecho, el a\u00f1o pasado, public\u00e1bamos el art\u00edculo\u00a0<a href=\"https:\/\/www.cfpmaresme.org\/es\/programa-de-intervencion-terapeutica-con-caballos-por-lucia-pose-psicologa-colegiada-17471\/\" target=\"_blank\" rel=\"noopener noreferrer\">\u201cPrograma de intervenci\u00f3n terap\u00e9utica con caballos\u00bb\u00a0<\/a>de Luc\u00eda Pose, Psic\u00f3loga y subdirectora de salud mental del CFP, donde se explicaba esta actividad y los beneficios de la terapia equina por las personas que conviven con una problem\u00e1tica de salud mental.<\/p>\n<p>&nbsp;<\/p>\n<h3>LA TRANSVERSALIDAD DE SERVICIOS PARA J\u00d3VENES DEL CFP<img decoding=\"async\" class=\"size-medium wp-image-26879 alignright\" src=\"https:\/\/www.cfpmaresme.org\/wp-content\/uploads\/2021\/10\/equino-2-300x139.jpg\" sizes=\"(max-width: 300px) 100vw, 300px\" srcset=\"https:\/\/www.cfpmaresme.org\/wp-content\/uploads\/2021\/10\/equino-2-300x139.jpg 300w, https:\/\/www.cfpmaresme.org\/wp-content\/uploads\/2021\/10\/equino-2-1024x476.jpg 1024w, https:\/\/www.cfpmaresme.org\/wp-content\/uploads\/2021\/10\/equino-2-768x357.jpg 768w, https:\/\/www.cfpmaresme.org\/wp-content\/uploads\/2021\/10\/equino-2-700x325.jpg 700w, https:\/\/www.cfpmaresme.org\/wp-content\/uploads\/2021\/10\/equino-2.jpg 1185w\" alt=\"\" width=\"300\" height=\"139\" \/><\/h3>\n<p>Dentro del engranaje de recursos, programas y actividades del CFP, hay algunos que est\u00e1n destinados a atender a j\u00f3venes en situaci\u00f3n de vulnerabilidad derivada de un trastorno mental, diagnosticado o incipiente. El perfil de estas personas suele ser bastante concreto y com\u00fan en todo el colectivo. Es por esto que aplicamos una atenci\u00f3n transversal. Es decir, personas usuarias de un recurso se benefician de una actividad y\/o programa concreto de otro. Por ejemplo, a un joven atendido desde el servicio de Intermediaci\u00f3n Laboral, se le puede ofrecer la posibilidad de participar a una actividad como la terapia equina, si el equipo profesional considera que le puede ser beneficiosa.<\/p>\n<p>Actualmente, los j\u00f3venes que conforman el grupo de Equinoterapia cumplen con esta transversalidad. Provienen del servicio de Intermediaci\u00f3n Laboral, del\u00a0 programa PAE- TPI (Programa de Atenci\u00f3n Educativa al Trastorno Psic\u00f3tico Incipiente) y de la UPE (Unidad de Prevenci\u00f3n de la Exclusi\u00f3n) de\u00a0<a href=\"https:\/\/maresmecontinuum.cat\/es\/\" target=\"_blank\" rel=\"noopener noreferrer\">Maresme Continuum<\/a>, alianza de entidades comarcal de la que formamos parte.<\/p>\n<p>&nbsp;<\/p>\n<p>A pesar de que son usuarios\/as de distintos recursos, comparten ciertas caracter\u00edsticas que pueden ser trabajadas desde esta actividad, como ser\u00eda, por ejemplo, la relaci\u00f3n con el otro.<\/p>\n<p>La terapia equina es beneficiosa para todas las franjas de edad. Actualmente, a parte del de j\u00f3venes, tambi\u00e9n contamos con dos grupos de adultos que realizan esta actividad.<\/p>\n<\/div>\n<\/div>\n<\/div>\n<\/article>\n<\/div>\n<p>&nbsp;<\/p>","protected":false},"excerpt":{"rendered":"<p>J\u00f3venes atendidos desde recursos transversales del CFP se desplazan, dos viernes al mes, a la H\u00edpica Cal Senyor de Vilassar de Dalt a hacer la actividad de Equinoterapia. Guiados por la persona que dinamiza las sesiones, realizan distintos ejercicios que sirven de pretexto para trabajar elementos para mejorar su calidad de vida y estado psicol\u00f3gico.<\/p>","protected":false},"author":4,"featured_media":1732,"comment_status":"open","ping_status":"closed","sticky":false,"template":"","format":"standard","meta":{"footnotes":""},"categories":[1],"tags":[],"class_list":["post-1731","post","type-post","status-publish","format-standard","has-post-thumbnail","hentry","category-sin-categoria"],"_links":{"self":[{"href":"https:\/\/maresmecontinuum.cat\/es\/wp-json\/wp\/v2\/posts\/1731","targetHints":{"allow":["GET"]}}],"collection":[{"href":"https:\/\/maresmecontinuum.cat\/es\/wp-json\/wp\/v2\/posts"}],"about":[{"href":"https:\/\/maresmecontinuum.cat\/es\/wp-json\/wp\/v2\/types\/post"}],"author":[{"embeddable":true,"href":"https:\/\/maresmecontinuum.cat\/es\/wp-json\/wp\/v2\/users\/4"}],"replies":[{"embeddable":true,"href":"https:\/\/maresmecontinuum.cat\/es\/wp-json\/wp\/v2\/comments?post=1731"}],"version-history":[{"count":3,"href":"https:\/\/maresmecontinuum.cat\/es\/wp-json\/wp\/v2\/posts\/1731\/revisions"}],"predecessor-version":[{"id":1735,"href":"https:\/\/maresmecontinuum.cat\/es\/wp-json\/wp\/v2\/posts\/1731\/revisions\/1735"}],"wp:featuredmedia":[{"embeddable":true,"href":"https:\/\/maresmecontinuum.cat\/es\/wp-json\/wp\/v2\/media\/1732"}],"wp:attachment":[{"href":"https:\/\/maresmecontinuum.cat\/es\/wp-json\/wp\/v2\/media?parent=1731"}],"wp:term":[{"taxonomy":"category","embeddable":true,"href":"https:\/\/maresmecontinuum.cat\/es\/wp-json\/wp\/v2\/categories?post=1731"},{"taxonomy":"post_tag","embeddable":true,"href":"https:\/\/maresmecontinuum.cat\/es\/wp-json\/wp\/v2\/tags?post=1731"}],"curies":[{"name":"wp","href":"https:\/\/api.w.org\/{rel}","templated":true}]}}