{"id":1721,"date":"2021-09-17T14:20:03","date_gmt":"2021-09-17T13:20:03","guid":{"rendered":"https:\/\/maresmecontinuum.cat\/?p=1721"},"modified":"2021-09-20T14:23:22","modified_gmt":"2021-09-20T13:23:22","slug":"inaugurem-la-15a-edicio-de-lexposicio-collectiva-parelles-artistiques-a-la-fundacio-iluro","status":"publish","type":"post","link":"https:\/\/maresmecontinuum.cat\/es\/inaugurem-la-15a-edicio-de-lexposicio-collectiva-parelles-artistiques-a-la-fundacio-iluro\/","title":{"rendered":"Inauguramos la 15\u00aa edici\u00f3n de la exposici\u00f3n colectiva Parelles Art\u00edstiques en Fundaci\u00f3n Iluro"},"content":{"rendered":"<p><\/p>\n<div class=\"blog_single blog_holder\">\n<article id=\"post-26514\" class=\"post-26514 post type-post status-publish format-standard has-post-thumbnail hentry category-alterarte-es\">\n<div class=\"post_content_holder\">\n<div class=\"post_text\">\n<div class=\"post_text_inner\">\n<p>Ayer el Ateneu de la Fundaci\u00f3 Iluro acogi\u00f3 el acto inaugural de la 15\u00aa edici\u00f3n de Parelles Art\u00edstiques: experi\u00e8ncies creatives per la salut mental. Una muestra que conta con 36 obras realizadas conjuntamente por artistas, uno de los cuales, es atendido desde un servicio de la red de salud mental. Concretamente son personas acompa\u00f1adas desde Osonament, entidad madre del proyecto,\u00a0 associaci\u00f3n El Far; \u00a0el Servicio de Rehabilitaci\u00f3n Les Corts y Alterarte, el programa art\u00edstico y comunitario del CFP.<\/p>\n<p><strong>\u00a0<\/strong><\/p>\n<p>El acto fue presentado por Isabel Llaquet, patrona de Fundaci\u00f3 Iluro y cont\u00f3 con los parlamentos de Carles Caballero, Director del Centre de Banca Clientes de Matar\u00f3 de BBVA, Blanca Gimeno, coordinadora de Alterarte, Pepe de La Vega, artista de Alterarte y Maria Jos\u00e9 P\u00e9rez Carrasco, Regidora adjunta de Cultura i soporte a las entidades culturales y Regidora delegada de Cooperaci\u00f3n y Desarrollo del Ayuntamiento de Matar\u00f3. Mar\u00eda Jos\u00e9, adem\u00e1s, ha sido Pareja Art\u00edstica.<\/p>\n<p><strong>Isabel Llaquet<\/strong>\u00a0destac\u00f3 la eclosi\u00f3n del proyecto por la gran variedad de Parejas y tambi\u00e9n de t\u00e9cnicas de esta edici\u00f3n y, tambi\u00e9n, que formen parte artistas de fuera de Matar\u00f3.\u00a0<a href=\"https:\/\/fundacioiluro.cat\/\" target=\"_blank\" rel=\"noopener noreferrer\">Fundaci\u00f3 Iluro\u00a0<\/a><\/p>\n<p><img decoding=\"async\" class=\"wp-image-26487 alignright\" src=\"https:\/\/www.cfpmaresme.org\/wp-content\/uploads\/2021\/09\/IMG_20210917_094038-300x182.jpg\" sizes=\"(max-width: 400px) 100vw, 400px\" srcset=\"https:\/\/www.cfpmaresme.org\/wp-content\/uploads\/2021\/09\/IMG_20210917_094038-300x182.jpg 300w, https:\/\/www.cfpmaresme.org\/wp-content\/uploads\/2021\/09\/IMG_20210917_094038-1024x623.jpg 1024w, https:\/\/www.cfpmaresme.org\/wp-content\/uploads\/2021\/09\/IMG_20210917_094038-768x467.jpg 768w, https:\/\/www.cfpmaresme.org\/wp-content\/uploads\/2021\/09\/IMG_20210917_094038-1536x934.jpg 1536w, https:\/\/www.cfpmaresme.org\/wp-content\/uploads\/2021\/09\/IMG_20210917_094038-2048x1246.jpg 2048w, https:\/\/www.cfpmaresme.org\/wp-content\/uploads\/2021\/09\/IMG_20210917_094038-700x426.jpg 700w\" alt=\"\" width=\"400\" height=\"243\" \/><\/p>\n<p>este a\u00f1o ha valorado la iniciativa como \u2018Proyecto de inter\u00e9s social\u2019 por segundo a\u00f1o consecutivo y hemos estado beneficiarios de una aportaci\u00f3n que tiene por objetivo dar continuidad al proyecto. Estamos muy agradecidos\/as con esta entidad mataronina.<\/p>\n<p>Por su lado,\u00a0<strong>Carlos Caballero<\/strong>\u00a0mostr\u00f3 el orgullo de BBVA y Antiga Caixa Manresa de formar parte de este proyecto que cuenta con la participaci\u00f3n de muchas personas.<\/p>\n<p><strong>Blanca Gimeno<\/strong>\u00a0explic\u00f3 en qu\u00e9 consiste el proyecto\u00a0<a href=\"http:\/\/parellesartistiques.osonament.cat\/)\" target=\"_blank\" rel=\"noopener noreferrer\">Parelles Art\u00edstiques<\/a>\u00a0y su valor inclusivo para personas que sufren una enfermedad mental. Tambi\u00e9n agradeci\u00f3 a\u00a0<a href=\"https:\/\/www.osonament.cat\/\" target=\"_blank\" rel=\"noopener noreferrer\">Osonament<\/a>\u00a0que haya empujado esta iniciativa y a todas las personas participantes que hayan formado parte de ella.<\/p>\n<p><strong>Pepe de la Vega,<\/strong>\u00a0artista de Alterarte, comparti\u00f3 su experiencia como Pareja Art\u00edstica: ha aprendido la t\u00e9cnica del aceite y, gracias a\u00a0 Carme, su pareja, han podido tirarla adelante, pues \u00e9l hab\u00eda pensado un tema demasiado complejo y ella le propuso una alternativa que han podido llevar a cabo.<\/p>\n<p>Por \u00faltimo,\u00a0<strong>Maria Jos\u00e9 P\u00e9rez Carrasco,<\/strong>\u00a0comparti\u00f3 la voluntad de seguir impulsando proyectos como Parelles Art\u00edstiques para hacer, de Matar\u00f3, una ciudad justa y cohesionada que ayude a desestigmatizar las personas que conviven con una problem\u00e1tica de salud mental. Concluy\u00f3 su intervenci\u00f3n afirmando que: \u00abla creatividad y el arte nos hacen mejores personas y una sociedad mejor\u00bb.<\/p>\n<p>&nbsp;<\/p>\n<h3>PAREJAS ART\u00cdSTICAS: EXPERIENCIAS CREATIVAS PARA LA SALUD MENTAL<\/h3>\n<p><a href=\"http:\/\/parellesartistiques.osonament.cat\/\" target=\"_blank\" rel=\"noopener noreferrer\">Parelles Art\u00edstiques<\/a>\u00a0es una inciativa de Osonament que consiste en la creaci\u00f3n de obras art\u00edsticas de estilo libre hecha de manera conjunta por dos personas, una de las cuales est\u00e1 vinculada a recursos de salud mental. Es una obra de estilo y tem\u00e1tica libre, lo primordial es la experiencia creativa. Cada pareja establece una relaci\u00f3n horizontal en este proceso creativo. As\u00ed, cada obra es una historia de emparejamiento, de preparaci\u00f3n y de ejecuci\u00f3n y una experiencia inclusiva compartida.<\/p>\n<p>Un proyecto muy especial por el CFP y, formar parte como representantes del Maresme es un motivo de celebraci\u00f3n para todos\/as nosotros\/as.<\/p>\n<p>&nbsp;<\/p>\n<h3>UNA INAUGURACI\u00d3N CON ACTUACIONES Y PINTURA EN DIRECTO DE DIVERSAS PAREJAS ART\u00cdSTICAS<\/h3>\n<p>Durante el acto hubo tres parejas que mostraron a los asistentes su trabajo. Esther Peral y Lorena Luna estuvieron pintando en directo una obra participativa donde, todos los que quisieron, colaboraron.<\/p>\n<p>Tambi\u00e9n hubo la actuaci\u00f3n\u00a0 \u201cFractales en animaci\u00f3n para interpretaci\u00f3n en directo\u00bb de m\u00fasica y danza de la mano de Desir\u00e9e, Urup y Llapispanc.<\/p>\n<p>Y, por \u00faltimo, Diana Mart\u00edn, Carla Penna, Esther y El Dedal recitaron y cantaron a ra\u00edz de la obra \u201cEllas se visten, ellas se desnudan\u201d.<\/p>\n<p><img decoding=\"async\" class=\"wp-image-26491 size-large aligncenter\" src=\"https:\/\/www.cfpmaresme.org\/wp-content\/uploads\/2021\/09\/artistes-collage-1024x296.jpg\" sizes=\"(max-width: 1024px) 100vw, 1024px\" srcset=\"https:\/\/www.cfpmaresme.org\/wp-content\/uploads\/2021\/09\/artistes-collage-1024x296.jpg 1024w, https:\/\/www.cfpmaresme.org\/wp-content\/uploads\/2021\/09\/artistes-collage-300x87.jpg 300w, https:\/\/www.cfpmaresme.org\/wp-content\/uploads\/2021\/09\/artistes-collage-768x222.jpg 768w, https:\/\/www.cfpmaresme.org\/wp-content\/uploads\/2021\/09\/artistes-collage-700x202.jpg 700w, https:\/\/www.cfpmaresme.org\/wp-content\/uploads\/2021\/09\/artistes-collage.jpg 1066w\" alt=\"\" width=\"1024\" height=\"296\" \/><\/p>\n<p>&nbsp;<\/p>\n<h3>UNA EDICI\u00d3N MARCADA POR LA REALIDAD SANITARIA<\/h3>\n<p>La 15\u00aa edici\u00f3n ha estado condicionada por la irrupci\u00f3n de la pandemia desde bien al principio. Tal y como comentaba Gimeno: \u00abNos hemos tenido que reinventar y encontrar f\u00f3rmulas para seguir haciendo nuestro trabajo y acompa\u00f1ar a los artistas que se han implicado rehuyendo de la soledad y los confinamientos\u00bb. As\u00ed, desde la misma creaci\u00f3n de obras, las restricciones y dificultades para coincidir f\u00edsicamente a espacios, han hecho que haya sido, a menudo, un proceso creativo tambi\u00e9n el hecho de poder coincidir y ultimar las obras.<\/p>\n<p>Por otro lado, la inauguraci\u00f3n se ha tenido que posponer en distintas ocasiones y ha tenido que hacerse con unas limitaciones que hubi\u00e9semos querido que no fuesen estas.<\/p>\n<p>Con todo, hasta 36 parejas han podido exponer sus obras y disfrutar del proceso creativo. Todo un \u00e9xito teniendo en cuenta la realidad vivida.<\/p>\n<p><strong>Desde aqu\u00ed queremos felicitar a las parejas y a todas las personas que forman parte de este proyecto.\u00a0\u00a0<\/strong><\/p>\n<\/div>\n<\/div>\n<\/div>\n<\/article>\n<\/div>\n<p><\/p>","protected":false},"excerpt":{"rendered":"<p>Ayer el Ateneu de la Fundaci\u00f3 Iluro acogi\u00f3 el acto inaugural de la 15\u00aa edici\u00f3n de Parelles Art\u00edstiques: experi\u00e8ncies creatives per la salut mental. Una muestra que conta con 36 obras realizadas conjuntamente por artistas, uno de los cuales, es atendido desde un servicio de la red de salud mental. Concretamente son personas acompa\u00f1adas desde<\/p>","protected":false},"author":4,"featured_media":1722,"comment_status":"open","ping_status":"closed","sticky":false,"template":"","format":"standard","meta":{"footnotes":""},"categories":[1],"tags":[],"class_list":["post-1721","post","type-post","status-publish","format-standard","has-post-thumbnail","hentry","category-sin-categoria"],"_links":{"self":[{"href":"https:\/\/maresmecontinuum.cat\/es\/wp-json\/wp\/v2\/posts\/1721","targetHints":{"allow":["GET"]}}],"collection":[{"href":"https:\/\/maresmecontinuum.cat\/es\/wp-json\/wp\/v2\/posts"}],"about":[{"href":"https:\/\/maresmecontinuum.cat\/es\/wp-json\/wp\/v2\/types\/post"}],"author":[{"embeddable":true,"href":"https:\/\/maresmecontinuum.cat\/es\/wp-json\/wp\/v2\/users\/4"}],"replies":[{"embeddable":true,"href":"https:\/\/maresmecontinuum.cat\/es\/wp-json\/wp\/v2\/comments?post=1721"}],"version-history":[{"count":2,"href":"https:\/\/maresmecontinuum.cat\/es\/wp-json\/wp\/v2\/posts\/1721\/revisions"}],"predecessor-version":[{"id":1724,"href":"https:\/\/maresmecontinuum.cat\/es\/wp-json\/wp\/v2\/posts\/1721\/revisions\/1724"}],"wp:featuredmedia":[{"embeddable":true,"href":"https:\/\/maresmecontinuum.cat\/es\/wp-json\/wp\/v2\/media\/1722"}],"wp:attachment":[{"href":"https:\/\/maresmecontinuum.cat\/es\/wp-json\/wp\/v2\/media?parent=1721"}],"wp:term":[{"taxonomy":"category","embeddable":true,"href":"https:\/\/maresmecontinuum.cat\/es\/wp-json\/wp\/v2\/categories?post=1721"},{"taxonomy":"post_tag","embeddable":true,"href":"https:\/\/maresmecontinuum.cat\/es\/wp-json\/wp\/v2\/tags?post=1721"}],"curies":[{"name":"wp","href":"https:\/\/api.w.org\/{rel}","templated":true}]}}