{"id":1671,"date":"2021-03-05T11:30:07","date_gmt":"2021-03-05T10:30:07","guid":{"rendered":"https:\/\/maresmecontinuum.cat\/?p=1671"},"modified":"2021-03-05T12:15:04","modified_gmt":"2021-03-05T11:15:04","slug":"el-projecte-consell-comarcal-upe-i-el-treball-intersectorial-de-la-upe-amb-un-col%c2%b7lectiu-mes-ampli","status":"publish","type":"post","link":"https:\/\/maresmecontinuum.cat\/es\/el-projecte-consell-comarcal-upe-i-el-treball-intersectorial-de-la-upe-amb-un-col%c2%b7lectiu-mes-ampli\/","title":{"rendered":"El proyecto Consell Comarcal UPE y el trabajo intersectorial de la UPE con un colectivo m\u00e1s amplio"},"content":{"rendered":"<p>El proyecto Consell Comarcal UPE nace de la necesidad de acompa\u00f1ar a personas que, durante el confinamiento, hab\u00edan sido atendidas en el Centro de Emergencia que se cre\u00f3 para acoger a aquellas que no ten\u00edan hogar, a fin de retomar su proceso de recuperaci\u00f3n e inclusi\u00f3n comunitaria cuando acab\u00f3 el aislamiento domiciliario.<\/p>\n<p>El Consell Comarcal consider\u00f3 el equipo de la <a href=\"https:\/\/maresmecontinuum.cat\/es\/upe\/\" target=\"_blank\" rel=\"noopener\">Unidad de Prevenci\u00f3n de la Exclusi\u00f3 (UPE)<\/a> de Maresme Continuum<strong> id\u00f3neo para llevar a cabo esta tarea<\/strong> gracias a su manera de trabajar y de entender el acompa\u00f1amiento a personas: realizando una <strong>atenci\u00f3n transversal<\/strong>. \u00a0As\u00ed, un total de 7 usuarios\/as han sido atendidos por Anna, profesional de la Comunitat Terap\u00e8utica del Maresme muy pr\u00f3xima a la UPE.<\/p>\n<p>El p\u00fablico objetivo de la UPE son personas j\u00f3venes (de 16 a 30 a\u00f1os), empadronadas en la comarca del Maresme y con una problem\u00e1tica de salud mental pero, aun as\u00ed, las caracter\u00edsticas de la tarea que realizan las profesionales del equipo y su manera de trabajar las hicieron ideales para tirar adelante este programa. El proyecto Consell Comarcal UPE requer\u00eda del <strong>mismo tipo de atenci\u00f3n <\/strong>pero con un <strong>perfil m\u00e1s amplio<\/strong> de personas usuarias.<\/p>\n<p>&nbsp;<\/p>\n<h3>La atenci\u00f3n intersectorial de la UPE, clave para atender a este colectivo<\/h3>\n<p>La Unidad de Prevenci\u00f3n a la Exclusi\u00f3n (UPE) atiende a las personas usuarias bas\u00e1ndose en una <strong>visi\u00f3n hol\u00edstica de la persona<\/strong>, entendi\u00e9ndola como un todo. As\u00ed, realiza un <strong>acompa\u00f1amiento integral<\/strong>, no desde una vertiente \u00fanicamente sanitaria, sino teniendo en cuenta tambi\u00e9n aspectos sociales, culturales, emocionales, etc. Trabaja a partir de itinerarios individualizados incidiendo en dimensiones como las relaciones interpersonales, el desarrollo personal, el bienestar f\u00edsico y emocional y la autodeterminaci\u00f3n. As\u00ed, su<strong> atenci\u00f3n es intersectorial<\/strong>.<\/p>\n<p>&nbsp;<\/p>\n<h3>La creaci\u00f3n de la demanda y la b\u00fasqueda de recursos adecuados: valor diferencial de la UPE<\/h3>\n<p>A la atenci\u00f3n que realiza la Unidad de Prevenci\u00f3n a la Exclusi\u00f3n (UPE) a menudo hay una tarea previa vital para definir el recorrido que seguir\u00e1 cada persona: la creaci\u00f3n de la demanda. Muchos\/as usuarios\/as no saben exactamente qu\u00e9 les pasa ni tampoco reconocen el origen de sus malestares. Las profesionales de la UPE los ayuda a entenderlo y a definir las necesidades que tienen que cubrir. Asimismo, les ofrecen herramientas para hacerlo, <strong>acompa\u00f1\u00e1dolas en todo su proceso de recuperaci\u00f3n<\/strong>. Estas se materializar\u00e1n en recursos a los que asistir, actividades a realizar, etc. teniendo en cuenta las necesidades particulares de la persona y el fondo de \u00e9stas.<\/p>\n<p>Si bien es cierto que tenemos un gran engranaje de recursos en el territorio para ayudar a los colectivos en riesgo de exclusi\u00f3n, a menudo est\u00e1n orientados a fines muy concretos, como pueden ser la atenci\u00f3n psicol\u00f3gica o la inserci\u00f3n laboral. Muchas personas usuarias pasan de un recurso a otro sin resolver el fondo del problema. La UPE, precisamente, busca conseguir que cada persona siga un recorrido hecho a medida que la ayude en todas las vertientes de su vida para alcanzar la m\u00e1xima recuperaci\u00f3n y autonom\u00eda. Tal y como explica Helena Guallar, coordinadora de la UPE: \u201cLa UPE es como un campamento base. Hay muchos recursos pero lo que buscamos es aquello concreto&#8221;. Y a\u00f1ade que mucha gente no encaja al 100% a uno de ellos y pasa de uno a otro sin resolver la problem\u00e1tica que hay detr\u00e1s.<\/p>\n<p>En definitiva, el <strong>proyecto Consell Comarcal UPE<\/strong> ha seguido la l\u00ednea de trabajo y metodolog\u00eda definitorias de la UPE, basadas en la transversalidad, la intersectorialidad y en entender la persona como un todo, aplic\u00e1ndolo a un colectivo m\u00e1s amplio. Esta experiencia ha puesto de manifiesto que se pueden atender a colectivos con particularidades y necesidades variadas con estas m\u00e1ximas, teniendo como resultado la <strong>mejora de su calidad de vida <\/strong>en distintas vertientes.<\/p>\n<p>&nbsp;<\/p>","protected":false},"excerpt":{"rendered":"<p>El proyecto Consell Comarcal UPE nace de la necesidad de acompa\u00f1ar a personas que, durante el confinamiento, hab\u00edan sido atendidas en el Centro de Emergencia que se cre\u00f3 para acoger a aquellas que no ten\u00edan hogar, a fin de retomar su proceso de recuperaci\u00f3n e inclusi\u00f3n comunitaria cuando acab\u00f3 el aislamiento domiciliario. El Consell Comarcal<\/p>","protected":false},"author":4,"featured_media":1672,"comment_status":"open","ping_status":"closed","sticky":false,"template":"","format":"standard","meta":{"footnotes":""},"categories":[1],"tags":[],"class_list":["post-1671","post","type-post","status-publish","format-standard","has-post-thumbnail","hentry","category-sin-categoria"],"_links":{"self":[{"href":"https:\/\/maresmecontinuum.cat\/es\/wp-json\/wp\/v2\/posts\/1671","targetHints":{"allow":["GET"]}}],"collection":[{"href":"https:\/\/maresmecontinuum.cat\/es\/wp-json\/wp\/v2\/posts"}],"about":[{"href":"https:\/\/maresmecontinuum.cat\/es\/wp-json\/wp\/v2\/types\/post"}],"author":[{"embeddable":true,"href":"https:\/\/maresmecontinuum.cat\/es\/wp-json\/wp\/v2\/users\/4"}],"replies":[{"embeddable":true,"href":"https:\/\/maresmecontinuum.cat\/es\/wp-json\/wp\/v2\/comments?post=1671"}],"version-history":[{"count":11,"href":"https:\/\/maresmecontinuum.cat\/es\/wp-json\/wp\/v2\/posts\/1671\/revisions"}],"predecessor-version":[{"id":1683,"href":"https:\/\/maresmecontinuum.cat\/es\/wp-json\/wp\/v2\/posts\/1671\/revisions\/1683"}],"wp:featuredmedia":[{"embeddable":true,"href":"https:\/\/maresmecontinuum.cat\/es\/wp-json\/wp\/v2\/media\/1672"}],"wp:attachment":[{"href":"https:\/\/maresmecontinuum.cat\/es\/wp-json\/wp\/v2\/media?parent=1671"}],"wp:term":[{"taxonomy":"category","embeddable":true,"href":"https:\/\/maresmecontinuum.cat\/es\/wp-json\/wp\/v2\/categories?post=1671"},{"taxonomy":"post_tag","embeddable":true,"href":"https:\/\/maresmecontinuum.cat\/es\/wp-json\/wp\/v2\/tags?post=1671"}],"curies":[{"name":"wp","href":"https:\/\/api.w.org\/{rel}","templated":true}]}}