{"id":1413,"date":"2014-11-20T10:34:00","date_gmt":"2014-11-20T09:34:00","guid":{"rendered":"http:\/\/maresmecontinuum.cat\/?p=1413"},"modified":"2020-09-25T11:31:08","modified_gmt":"2020-09-25T10:31:08","slug":"prova","status":"publish","type":"post","link":"https:\/\/maresmecontinuum.cat\/es\/prova\/","title":{"rendered":"La asociaci\u00f3n Maresme Continuum se presenta en Matar\u00f3"},"content":{"rendered":"<p>El martes 18 de noviembre tuvo lugar en la Nau Gaud\u00ed de Matar\u00f3 la presentaci\u00f3n de la <strong>Asociaci\u00f3n Maresme Continuum, entidad integrada por cuatro entidades, la Comunitat Terap\u00e8utica del Maresme, el Centre de Formaci\u00f3 i Prevenci\u00f3 de Matar\u00f3, El Mol\u00ed d\u2019en Puigvert i la Klosca<\/strong>, todas ellas dedicadas a la atenci\u00f3n a la salud mental y al servicio a las personas.<\/p>\n<p>La asociaci\u00f3n ha nacido con el objetivo de construir una alianza estrat\u00e9gica capaz de ofrecer una respuesta conjunta a las necesidades de la atenci\u00f3n a la salud mental y de servicio a las personas en el Maresme.<\/p>\n<p>Participaron distintas personalidades del \u00e1mbito pol\u00edtico y sanitario, que destacaron esta constituci\u00f3n como un hecho de gran importancia a la hora de sumar esfuerzos y actuar de manera conjunta y coordinada entre las cuatro entidades. El acto cont\u00f3 con la presencia del Sr. Llu\u00eds Bassat que habl\u00f3 sobre Arte y Vinculaci\u00f3n Social.<\/p>\n<p>Distintos medios de comunicaci\u00f3n hacen referencia al acto en el que asistieron m\u00e1s de cien personas. La actuaci\u00f3n de la Orquestra de la Bona Sort integrada por personas con enfermedad mental fue la encargada de clausurar el acto.<\/p>\n<p><img decoding=\"async\" class=\"alignnone size-medium wp-image-1420\" src=\"http:\/\/maresmecontinuum.cat\/wp-content\/uploads\/2020\/09\/evento-sin-titulo-035-300x199.jpg\" alt=\"\" width=\"300\" height=\"199\" srcset=\"https:\/\/maresmecontinuum.cat\/wp-content\/uploads\/2020\/09\/evento-sin-titulo-035-200x133.jpg 200w, https:\/\/maresmecontinuum.cat\/wp-content\/uploads\/2020\/09\/evento-sin-titulo-035-300x199.jpg 300w, https:\/\/maresmecontinuum.cat\/wp-content\/uploads\/2020\/09\/evento-sin-titulo-035-400x266.jpg 400w, https:\/\/maresmecontinuum.cat\/wp-content\/uploads\/2020\/09\/evento-sin-titulo-035-600x398.jpg 600w, https:\/\/maresmecontinuum.cat\/wp-content\/uploads\/2020\/09\/evento-sin-titulo-035-768x510.jpg 768w, https:\/\/maresmecontinuum.cat\/wp-content\/uploads\/2020\/09\/evento-sin-titulo-035-800x531.jpg 800w, https:\/\/maresmecontinuum.cat\/wp-content\/uploads\/2020\/09\/evento-sin-titulo-035.jpg 1000w\" sizes=\"(max-width: 300px) 100vw, 300px\" \/> <img decoding=\"async\" class=\"alignnone size-medium wp-image-1422\" src=\"http:\/\/maresmecontinuum.cat\/wp-content\/uploads\/2020\/09\/1411-presCM_122-300x199.jpg\" alt=\"\" width=\"300\" height=\"199\" srcset=\"https:\/\/maresmecontinuum.cat\/wp-content\/uploads\/2020\/09\/1411-presCM_122-200x133.jpg 200w, https:\/\/maresmecontinuum.cat\/wp-content\/uploads\/2020\/09\/1411-presCM_122-300x199.jpg 300w, https:\/\/maresmecontinuum.cat\/wp-content\/uploads\/2020\/09\/1411-presCM_122-400x266.jpg 400w, https:\/\/maresmecontinuum.cat\/wp-content\/uploads\/2020\/09\/1411-presCM_122-600x398.jpg 600w, https:\/\/maresmecontinuum.cat\/wp-content\/uploads\/2020\/09\/1411-presCM_122-768x510.jpg 768w, https:\/\/maresmecontinuum.cat\/wp-content\/uploads\/2020\/09\/1411-presCM_122-800x531.jpg 800w, https:\/\/maresmecontinuum.cat\/wp-content\/uploads\/2020\/09\/1411-presCM_122.jpg 1000w\" sizes=\"(max-width: 300px) 100vw, 300px\" \/><\/p>","protected":false},"excerpt":{"rendered":"<p>El martes 18 de noviembre tuvo lugar en la Nau Gaud\u00ed de Matar\u00f3 la presentaci\u00f3n de la Asociaci\u00f3n Maresme Continuum, entidad integrada por cuatro entidades, la Comunitat Terap\u00e8utica del Maresme, el Centre de Formaci\u00f3 i Prevenci\u00f3 de Matar\u00f3, El Mol\u00ed d\u2019en Puigvert i la Klosca, todas ellas dedicadas a la atenci\u00f3n a la salud mental<\/p>","protected":false},"author":1,"featured_media":1421,"comment_status":"open","ping_status":"closed","sticky":false,"template":"","format":"standard","meta":{"footnotes":""},"categories":[1],"tags":[],"class_list":["post-1413","post","type-post","status-publish","format-standard","has-post-thumbnail","hentry","category-sin-categoria"],"_links":{"self":[{"href":"https:\/\/maresmecontinuum.cat\/es\/wp-json\/wp\/v2\/posts\/1413","targetHints":{"allow":["GET"]}}],"collection":[{"href":"https:\/\/maresmecontinuum.cat\/es\/wp-json\/wp\/v2\/posts"}],"about":[{"href":"https:\/\/maresmecontinuum.cat\/es\/wp-json\/wp\/v2\/types\/post"}],"author":[{"embeddable":true,"href":"https:\/\/maresmecontinuum.cat\/es\/wp-json\/wp\/v2\/users\/1"}],"replies":[{"embeddable":true,"href":"https:\/\/maresmecontinuum.cat\/es\/wp-json\/wp\/v2\/comments?post=1413"}],"version-history":[{"count":5,"href":"https:\/\/maresmecontinuum.cat\/es\/wp-json\/wp\/v2\/posts\/1413\/revisions"}],"predecessor-version":[{"id":1423,"href":"https:\/\/maresmecontinuum.cat\/es\/wp-json\/wp\/v2\/posts\/1413\/revisions\/1423"}],"wp:featuredmedia":[{"embeddable":true,"href":"https:\/\/maresmecontinuum.cat\/es\/wp-json\/wp\/v2\/media\/1421"}],"wp:attachment":[{"href":"https:\/\/maresmecontinuum.cat\/es\/wp-json\/wp\/v2\/media?parent=1413"}],"wp:term":[{"taxonomy":"category","embeddable":true,"href":"https:\/\/maresmecontinuum.cat\/es\/wp-json\/wp\/v2\/categories?post=1413"},{"taxonomy":"post_tag","embeddable":true,"href":"https:\/\/maresmecontinuum.cat\/es\/wp-json\/wp\/v2\/tags?post=1413"}],"curies":[{"name":"wp","href":"https:\/\/api.w.org\/{rel}","templated":true}]}}